{"id":947,"date":"2016-03-02T09:03:59","date_gmt":"2016-03-02T09:03:59","guid":{"rendered":"http:\/\/hebelbund.de\/?p=947"},"modified":"2016-03-07T13:49:27","modified_gmt":"2016-03-07T13:49:27","slug":"der-saenger-des-alemannischen-schwaebisch","status":"publish","type":"post","link":"https:\/\/hebelbund.de\/?p=947","title":{"rendered":"Der S\u00e4nger des alemannischen Schw\u00e4bisch"},"content":{"rendered":"<p>Pius Jauch zu Gast im Dreil\u00e4ndermuseum beim Hebelbund \/ Der Mundartpreistr\u00e4ger, der auch Hochdeutsch kann.<\/p>\n<p><a href=\"http:\/\/www.badische-zeitung.de\/loerrach\/der-saenger-des-alemannischen-schwaebisch\" target=\"_blank\">Badische Zeitung vom 2.3.2016<\/a>\u00a0<strong><span style=\"color: #ff0000;\">HB<\/span><\/strong><\/p>\n","protected":false},"excerpt":{"rendered":"<p>Pius Jauch zu Gast im Dreil\u00e4ndermuseum beim Hebelbund \/ Der Mundartpreistr\u00e4ger, der auch Hochdeutsch kann. Badische Zeitung vom 2.3.2016\u00a0HB<\/p>\n","protected":false},"author":3,"featured_media":0,"comment_status":"closed","ping_status":"open","sticky":false,"template":"","format":"standard","meta":{"footnotes":""},"categories":[13],"tags":[],"class_list":["post-947","post","type-post","status-publish","format-standard","hentry","category-presse-aktuell"],"_links":{"self":[{"href":"https:\/\/hebelbund.de\/index.php?rest_route=\/wp\/v2\/posts\/947","targetHints":{"allow":["GET"]}}],"collection":[{"href":"https:\/\/hebelbund.de\/index.php?rest_route=\/wp\/v2\/posts"}],"about":[{"href":"https:\/\/hebelbund.de\/index.php?rest_route=\/wp\/v2\/types\/post"}],"author":[{"embeddable":true,"href":"https:\/\/hebelbund.de\/index.php?rest_route=\/wp\/v2\/users\/3"}],"replies":[{"embeddable":true,"href":"https:\/\/hebelbund.de\/index.php?rest_route=%2Fwp%2Fv2%2Fcomments&post=947"}],"version-history":[{"count":2,"href":"https:\/\/hebelbund.de\/index.php?rest_route=\/wp\/v2\/posts\/947\/revisions"}],"predecessor-version":[{"id":968,"href":"https:\/\/hebelbund.de\/index.php?rest_route=\/wp\/v2\/posts\/947\/revisions\/968"}],"wp:attachment":[{"href":"https:\/\/hebelbund.de\/index.php?rest_route=%2Fwp%2Fv2%2Fmedia&parent=947"}],"wp:term":[{"taxonomy":"category","embeddable":true,"href":"https:\/\/hebelbund.de\/index.php?rest_route=%2Fwp%2Fv2%2Fcategories&post=947"},{"taxonomy":"post_tag","embeddable":true,"href":"https:\/\/hebelbund.de\/index.php?rest_route=%2Fwp%2Fv2%2Ftags&post=947"}],"curies":[{"name":"wp","href":"https:\/\/api.w.org\/{rel}","templated":true}]}}