{"id":957,"date":"2016-03-04T09:13:26","date_gmt":"2016-03-04T09:13:26","guid":{"rendered":"http:\/\/hebelbund.de\/?p=957"},"modified":"2016-03-07T13:52:03","modified_gmt":"2016-03-07T13:52:03","slug":"jahr-der-kontinuitaet-und-des-wandels","status":"publish","type":"post","link":"https:\/\/hebelbund.de\/?p=957","title":{"rendered":"Jahr der Kontinuit\u00e4t und des Wandels"},"content":{"rendered":"<p>Der Hebelbund will pr\u00e4senter werden und Jugendliche f\u00fcr den Schriftsteller begeistern.<\/p>\n<p><a href=\"http:\/\/www.badische-zeitung.de\/loerrach\/jahr-der-kontinuitaet-und-des-wandels\" target=\"_blank\">Badische Zeitung vom 4. M\u00e4rz 2016<\/a>\u00a0<strong><span style=\"color: #ff0000;\">HB<\/span><\/strong><\/p>\n","protected":false},"excerpt":{"rendered":"<p>Der Hebelbund will pr\u00e4senter werden und Jugendliche f\u00fcr den Schriftsteller begeistern. Badische Zeitung vom 4. M\u00e4rz 2016\u00a0HB<\/p>\n","protected":false},"author":3,"featured_media":0,"comment_status":"closed","ping_status":"open","sticky":false,"template":"","format":"standard","meta":{"footnotes":""},"categories":[13],"tags":[],"class_list":["post-957","post","type-post","status-publish","format-standard","hentry","category-presse-aktuell"],"_links":{"self":[{"href":"https:\/\/hebelbund.de\/index.php?rest_route=\/wp\/v2\/posts\/957","targetHints":{"allow":["GET"]}}],"collection":[{"href":"https:\/\/hebelbund.de\/index.php?rest_route=\/wp\/v2\/posts"}],"about":[{"href":"https:\/\/hebelbund.de\/index.php?rest_route=\/wp\/v2\/types\/post"}],"author":[{"embeddable":true,"href":"https:\/\/hebelbund.de\/index.php?rest_route=\/wp\/v2\/users\/3"}],"replies":[{"embeddable":true,"href":"https:\/\/hebelbund.de\/index.php?rest_route=%2Fwp%2Fv2%2Fcomments&post=957"}],"version-history":[{"count":2,"href":"https:\/\/hebelbund.de\/index.php?rest_route=\/wp\/v2\/posts\/957\/revisions"}],"predecessor-version":[{"id":971,"href":"https:\/\/hebelbund.de\/index.php?rest_route=\/wp\/v2\/posts\/957\/revisions\/971"}],"wp:attachment":[{"href":"https:\/\/hebelbund.de\/index.php?rest_route=%2Fwp%2Fv2%2Fmedia&parent=957"}],"wp:term":[{"taxonomy":"category","embeddable":true,"href":"https:\/\/hebelbund.de\/index.php?rest_route=%2Fwp%2Fv2%2Fcategories&post=957"},{"taxonomy":"post_tag","embeddable":true,"href":"https:\/\/hebelbund.de\/index.php?rest_route=%2Fwp%2Fv2%2Ftags&post=957"}],"curies":[{"name":"wp","href":"https:\/\/api.w.org\/{rel}","templated":true}]}}