{"id":998,"date":"2016-03-18T13:57:04","date_gmt":"2016-03-18T13:57:04","guid":{"rendered":"http:\/\/hebelbund.de\/?p=998"},"modified":"2016-03-21T10:28:23","modified_gmt":"2016-03-21T10:28:23","slug":"lukas-baerfuss-erhaelt-johann-peter-hebel-preis-2016","status":"publish","type":"post","link":"https:\/\/hebelbund.de\/?p=998","title":{"rendered":"Lukas B\u00e4rfuss erh\u00e4lt Johann-Peter-Hebel-Preis 2016"},"content":{"rendered":"<p>\u201eLukas B\u00e4rfuss darf im besten Sinn des Wortes als Aufkl\u00e4rer gelten, der seine Aufgabe nicht zuletzt darin sieht, mit den Mitteln des K\u00fcnstlers Stellung zu beziehen und sich, wenn es geboten erscheint, auch mit der Waffe des essayistisch geschliffenen Wortes polemisch einzumischen in dr\u00e4ngende Debatten. In diesem Sinn kann man ihn als genuinen Erben des publizistisch regen Aufkl\u00e4rers Johann Peter Hebel ansehen\u201c, so die aus Wissenschaftlern, Autoren und Literaturkritikern aus Deutschland, der Schweiz, \u00d6sterreich und Frankreich zusammengesetzte Jury in ihrer Begr\u00fcndung.<\/p>\n<p><a href=\"http:\/\/mwk.baden-wuerttemberg.de\/de\/service\/presse\/pressemitteilung\/pid\/lukas-baerfuss-erhaelt-johann-peter-hebel-preis-2016\/\" target=\"_blank\">mehr&gt;<\/a>\u00a0\u00a0<strong><span style=\"color: #ff0000;\">HB<\/span><\/strong><\/p>\n","protected":false},"excerpt":{"rendered":"<p>\u201eLukas B\u00e4rfuss darf im besten Sinn des Wortes als Aufkl\u00e4rer gelten, der seine Aufgabe nicht zuletzt darin sieht, mit den Mitteln des K\u00fcnstlers Stellung zu beziehen und sich, wenn es geboten erscheint, auch mit der Waffe des essayistisch geschliffenen Wortes polemisch einzumischen in dr\u00e4ngende Debatten. In diesem Sinn kann man ihn als genuinen Erben des &hellip; <a href=\"https:\/\/hebelbund.de\/?p=998\" class=\"more-link\">Continue reading <span class=\"screen-reader-text\">Lukas B\u00e4rfuss erh\u00e4lt Johann-Peter-Hebel-Preis 2016<\/span><\/a><\/p>\n","protected":false},"author":3,"featured_media":0,"comment_status":"closed","ping_status":"open","sticky":false,"template":"","format":"standard","meta":{"footnotes":""},"categories":[13],"tags":[],"class_list":["post-998","post","type-post","status-publish","format-standard","hentry","category-presse-aktuell"],"_links":{"self":[{"href":"https:\/\/hebelbund.de\/index.php?rest_route=\/wp\/v2\/posts\/998","targetHints":{"allow":["GET"]}}],"collection":[{"href":"https:\/\/hebelbund.de\/index.php?rest_route=\/wp\/v2\/posts"}],"about":[{"href":"https:\/\/hebelbund.de\/index.php?rest_route=\/wp\/v2\/types\/post"}],"author":[{"embeddable":true,"href":"https:\/\/hebelbund.de\/index.php?rest_route=\/wp\/v2\/users\/3"}],"replies":[{"embeddable":true,"href":"https:\/\/hebelbund.de\/index.php?rest_route=%2Fwp%2Fv2%2Fcomments&post=998"}],"version-history":[{"count":2,"href":"https:\/\/hebelbund.de\/index.php?rest_route=\/wp\/v2\/posts\/998\/revisions"}],"predecessor-version":[{"id":1001,"href":"https:\/\/hebelbund.de\/index.php?rest_route=\/wp\/v2\/posts\/998\/revisions\/1001"}],"wp:attachment":[{"href":"https:\/\/hebelbund.de\/index.php?rest_route=%2Fwp%2Fv2%2Fmedia&parent=998"}],"wp:term":[{"taxonomy":"category","embeddable":true,"href":"https:\/\/hebelbund.de\/index.php?rest_route=%2Fwp%2Fv2%2Fcategories&post=998"},{"taxonomy":"post_tag","embeddable":true,"href":"https:\/\/hebelbund.de\/index.php?rest_route=%2Fwp%2Fv2%2Ftags&post=998"}],"curies":[{"name":"wp","href":"https:\/\/api.w.org\/{rel}","templated":true}]}}